{"id":3375,"date":"2020-04-21T14:47:00","date_gmt":"2020-04-21T12:47:00","guid":{"rendered":"http:\/\/www.ordinaceunabrezi.cz\/?p=3375"},"modified":"2020-09-02T13:26:57","modified_gmt":"2020-09-02T11:26:57","slug":"oznameni-omezeni-ordinacni-doby","status":"publish","type":"post","link":"https:\/\/www.ordinaceunabrezi.cz\/index.php\/2020\/04\/21\/oznameni-omezeni-ordinacni-doby\/","title":{"rendered":"Ozn\u00e1men\u00ed &#8211; omezen\u00ed ordina\u010dn\u00ed doby"},"content":{"rendered":"\n<p>V\u00e1\u017een\u00ed pacienti,<\/p>\n\n\n\n<div class=\"wp-block-group\"><div class=\"wp-block-group__inner-container\">\n<div class=\"wp-block-group\"><div class=\"wp-block-group__inner-container\">\n<p class=\"has-normal-font-size\"><strong>Ozn\u00e1men\u00ed &#8211; omezen\u00ed ordina\u010dn\u00ed doby<\/strong><br>vzhledem k&nbsp;absolutn\u00edmu nedostatku ochrann\u00fdch pom\u016fcek jsme nuceni s&nbsp;okam\u017eitou platnost\u00ed <strong>omezit b\u011b\u017en\u00fd provoz praxe<\/strong> do odvol\u00e1n\u00ed. <strong>V&nbsp;akutn\u00edch p\u0159\u00edpadech<\/strong> (otok, bolest nezti\u0161iteln\u00e1 analgetiky), pros\u00edme, <strong>volejte na tel. \u010d. 778&nbsp;082&nbsp;777<\/strong>, po domluv\u011b budete o\u0161et\u0159eni.<\/p>\n\n\n\n<p class=\"has-normal-font-size\">V\u00e1\u017een\u00ed pacienti, r\u00e1di bychom V\u00e1m ozn\u00e1mili, \u017ee jsme obnovili provoz ordinace, a to ve zv\u00fd\u0161en\u00e9m hygienick\u00e9m re\u017eimu. <strong>Ordina\u010dn\u00ed doba je do\u010dasn\u011b upraven\u00e1<\/strong>. Pro objedn\u00e1n\u00ed\/p\u0159eobjedn\u00e1n\u00ed a v p\u0159\u00edpad\u011b dotazu n\u00e1s kontaktujte, pros\u00edm, telefonicky na \u010d\u00edsle 778 082 777. D\u011bkujeme. <\/p>\n<\/div><\/div>\n<\/div><\/div>\n\n\n\n<p>&nbsp;<\/p>\n","protected":false},"excerpt":{"rendered":"<p class=\"has-normal-font-size\"> V\u00e1\u017een\u00ed pacienti, r\u00e1di bychom V\u00e1m ozn\u00e1mili, \u017ee jsme obnovili provoz ordinace, a to ve zv\u00fd\u0161en\u00e9m hygienick\u00e9m re\u017eimu. <strong>Ordina\u010dn\u00ed doba je do\u010dasn\u011b upraven\u00e1<\/strong>. Pro objedn\u00e1n\u00ed\/p\u0159eobjedn\u00e1n\u00ed a v p\u0159\u00edpad\u011b dotazu n\u00e1s kontaktujte, pros\u00edm, telefonicky na \u010d\u00edsle 778 082 777. D\u011bkujeme. <\/p>\n","protected":false},"author":1,"featured_media":3376,"comment_status":"closed","ping_status":"closed","sticky":false,"template":"","format":"standard","meta":[],"categories":[1],"tags":[],"_links":{"self":[{"href":"https:\/\/www.ordinaceunabrezi.cz\/index.php\/wp-json\/wp\/v2\/posts\/3375"}],"collection":[{"href":"https:\/\/www.ordinaceunabrezi.cz\/index.php\/wp-json\/wp\/v2\/posts"}],"about":[{"href":"https:\/\/www.ordinaceunabrezi.cz\/index.php\/wp-json\/wp\/v2\/types\/post"}],"author":[{"embeddable":true,"href":"https:\/\/www.ordinaceunabrezi.cz\/index.php\/wp-json\/wp\/v2\/users\/1"}],"replies":[{"embeddable":true,"href":"https:\/\/www.ordinaceunabrezi.cz\/index.php\/wp-json\/wp\/v2\/comments?post=3375"}],"version-history":[{"count":6,"href":"https:\/\/www.ordinaceunabrezi.cz\/index.php\/wp-json\/wp\/v2\/posts\/3375\/revisions"}],"predecessor-version":[{"id":3515,"href":"https:\/\/www.ordinaceunabrezi.cz\/index.php\/wp-json\/wp\/v2\/posts\/3375\/revisions\/3515"}],"wp:featuredmedia":[{"embeddable":true,"href":"https:\/\/www.ordinaceunabrezi.cz\/index.php\/wp-json\/wp\/v2\/media\/3376"}],"wp:attachment":[{"href":"https:\/\/www.ordinaceunabrezi.cz\/index.php\/wp-json\/wp\/v2\/media?parent=3375"}],"wp:term":[{"taxonomy":"category","embeddable":true,"href":"https:\/\/www.ordinaceunabrezi.cz\/index.php\/wp-json\/wp\/v2\/categories?post=3375"},{"taxonomy":"post_tag","embeddable":true,"href":"https:\/\/www.ordinaceunabrezi.cz\/index.php\/wp-json\/wp\/v2\/tags?post=3375"}],"curies":[{"name":"wp","href":"https:\/\/api.w.org\/{rel}","templated":true}]}}